[{"@context":"https:\/\/schema.org\/","@type":"Article","@id":"https:\/\/www.lelkoun.cz\/3-nejkrasnejsi-prusmyky-svycarska-pripraveny-na-letni-zaprah\/#Article","mainEntityOfPage":"https:\/\/www.lelkoun.cz\/3-nejkrasnejsi-prusmyky-svycarska-pripraveny-na-letni-zaprah\/","headline":"3 nejkr\u00e1sn\u011bj\u0161\u00ed pr\u016fsmyky \u0160v\u00fdcarska p\u0159ipraveny na letn\u00ed z\u00e1p\u0159ah!","name":"3 nejkr\u00e1sn\u011bj\u0161\u00ed pr\u016fsmyky \u0160v\u00fdcarska p\u0159ipraveny na letn\u00ed z\u00e1p\u0159ah!","description":"\u0160v\u00fdcarsko je zem\u011b hodinek, \u010dokol\u00e1dy, s\u00fdr\u016f, no\u017e\u016f, jezer a hor! Na tom, jakou sn\u00edme \u010dokol\u00e1du v\u011bt\u0161inou tak nez\u00e1le\u017e\u00ed. Na tom, [&hellip;]","datePublished":"2019-06-09","dateModified":"2023-04-30","author":{"@type":"Person","@id":"https:\/\/www.lelkoun.cz\/author\/#Person","name":"","url":"https:\/\/www.lelkoun.cz\/author\/","identifier":1,"image":{"@type":"ImageObject","@id":"https:\/\/secure.gravatar.com\/avatar\/6f4c870cee2491a38c4099d0d4506a73241091e099e5d57196b9728ac147d91e?s=96&d=mm&r=g","url":"https:\/\/secure.gravatar.com\/avatar\/6f4c870cee2491a38c4099d0d4506a73241091e099e5d57196b9728ac147d91e?s=96&d=mm&r=g","height":96,"width":96}},"publisher":{"@type":"Organization","name":"lelkoun.cz","logo":{"@type":"ImageObject","@id":"\/logo.png","url":"\/logo.png","width":600,"height":60}},"image":{"@type":"ImageObject","@id":"https:\/\/www.lelkoun.cz\/wp-content\/uploads\/img_a346052_w2927_t1560023889.jpg","url":"https:\/\/www.lelkoun.cz\/wp-content\/uploads\/img_a346052_w2927_t1560023889.jpg","height":0,"width":0},"url":"https:\/\/www.lelkoun.cz\/3-nejkrasnejsi-prusmyky-svycarska-pripraveny-na-letni-zaprah\/","about":["Cestov\u00e1n\u00ed"],"wordCount":501,"articleBody":"\u0160v\u00fdcarsko je zem\u011b hodinek, \u010dokol\u00e1dy, s\u00fdr\u016f, no\u017e\u016f, jezer a hor! Na tom, jakou sn\u00edme \u010dokol\u00e1du v\u011bt\u0161inou tak nez\u00e1le\u017e\u00ed. Na tom, co uvid\u00edme, kam se dostaneme, ano! P\u0159ipravte si batoh, trekingov\u00e9 hole a sva\u010dinu. Vyr\u00e1\u017e\u00edme!\tCol de la Forclaz\tPr\u016fsmyk, kter\u00e9mu se nevyhnete p\u0159i cest\u011b ze \u0160v\u00fdcarska do francouzsk\u00e9ho Chamonix (a t\u0159eba a\u017e na Mont Blanc). Z nejvy\u0161\u0161\u00edho body (1527 m. n. m.) u\u017e uvid\u00edte na masiv Mont Blancu, a\u010dkoliv samotn\u00e1 nejvy\u0161\u0161\u00ed hora Evropy v\u00e1m prozat\u00edm z\u016fstane skryta. Ze \u0161v\u00fdcarsk\u00e9ho m\u011bsta Martigny vyjedete po dob\u0159e udr\u017eovan\u00e9 silni\u010dce mezi vinicemi, kde v\u00e1s napadne, \u017ee v\u00a0tuto chv\u00edli neexistuje nic ne\u017e v\u00edno a propast pod n\u00edm. Na vrcholu na v\u00e1s \u010dek\u00e1 parkovi\u0161t\u011b, klasick\u00e9 pot\u0159eby pro navr\u00e1tiv\u0161\u00ed se turisty (restaurace, suven\u00fdry), cedule hl\u00e1saj\u00edc\u00ed: \u201eCol de la Forlcaz \u2013 1527 m. n. m.\u201c a v\u00fdchoz\u00ed m\u00edsta horsk\u00fdch cesti\u010dek, kter\u00e9 vedou do skal nad hlavami.\tSilni\u010dn\u00ed provoz je tu m\u00edrn\u00fd. Nesm\u00edte ov\u0161em jet v\u00a0dob\u011b p\u0159ed nebo b\u011bhem Tour de France. V\u00a0roce 2016 zde kup\u0159\u00edkladu prob\u00edhala \u010d\u00e1st 19. etapy. Silni\u010d\u00e1\u0159i zabran\u00ed do pr\u00e1ce a masy hobby cyklist\u016f v\u00a0\u010dase p\u0159ed tour byly snad v\u011bt\u0161\u00ed hrozbou ne\u017e peloton rozjet\u00fdch z\u00e1vodn\u00edk\u016f.\tV\u00e1s v\u0161ak, na rozd\u00edl od cyklist\u016f, \u010dek\u00e1 je\u0161t\u011b jeden pr\u016fsmyk \u2013 francouzsk\u00fd Col des Montets, jeho\u017e \u00fapat\u00ed v\u00e1s zanech\u00e1 p\u0159\u00edmo p\u0159ed branami vyhl\u00e1\u0161en\u00e9ho Chamonix.\tFurkapass\t\u00a0\tDruhou zast\u00e1vku (\u010di sp\u00ed\u0161e p\u0159ejezd) uskute\u010dn\u00edme asi 100 kilometr\u016f jihoz\u00e1padn\u011b od m\u011bsta Chur. Krom\u011b ledovcov\u00fdch jezer a ledovc\u016f samotn\u00fdch sem do 2436 m. n. m. l\u00e1k\u00e1 i pramen Rh\u00f3ny a vzd\u00e1len\u011bj\u0161\u00ed pramen R\u00fdna.\u00a0 \tS\u00a0trochou nads\u00e1zky a p\u0159edstavivosti byste odtud mohli vyplout na cestu velkou \u010d\u00e1st\u00ed z\u00e1padn\u00ed Evropy.\tVyraz\u00edte-li sem na dovolenou nebo jen na v\u00fdlet, rozhodn\u011b nebudete ve \u0161patn\u00e9 spole\u010dnosti. Byl tu i s\u00e1m James Bond ve sn\u00edmku Goldfinger.\t\tSan Bernardino\t\u010casto se plete s\u00a0kolegou \u2013 Velk\u00fdm Svatobernardsk\u00fdm pr\u016fsmykem, jen\u017e le\u017e\u00ed na cest\u011b mezi Mont Blancem a dal\u0161\u00edm \u201ekope\u010dkem\u201c \u2013 Monte Rosa. Bernard\u00fdni poch\u00e1zej\u00ed pr\u00e1v\u011b od tohoto bratra San Bernardina. Co je ale opravdu m\u00edstn\u00ed \u2013 l\u00e9\u010div\u00e1 pramenit\u00e1 voda San Bernardino, kterou pou\u017e\u00edvali ji\u017e \u0158\u00edman\u00e9, kdy\u017e si zde po dlouh\u00e9 cest\u011b pot\u0159ebovali odpo\u010dinout. Dnes by se asi divili.\t\u010c\u00e1st pr\u016fsmyku prot\u00edn\u00e1 sedmikilometrov\u00fd tunel, jeden z\u00a0nejdel\u0161\u00edch v\u00a0Evrop\u011b.\t\u00a0Na rozd\u00edl od p\u0159edchoz\u00edch pass\u016f m\u00e1 v\u00a0zim\u011b neust\u00e1le zav\u0159eno, p\u0159i velk\u00e9m mno\u017estv\u00ed sn\u011bhu sem tam i v\u00a0l\u00e9t\u011b. Ve 2066 m. n. m. to prost\u011b bez sn\u011bhu nejde.\tSjedeme dol\u016f, sund\u00e1me batohy a d\u00e1me si pravou \u0161v\u00fdcarskou \u010dokol\u00e1du!                                                                                                                                                                                                                                                                                                                                                                                        4.6\/5 - (11 votes)        "},{"@context":"https:\/\/schema.org\/","@type":"BreadcrumbList","itemListElement":[{"@type":"ListItem","position":1,"name":"3 nejkr\u00e1sn\u011bj\u0161\u00ed pr\u016fsmyky \u0160v\u00fdcarska p\u0159ipraveny na letn\u00ed z\u00e1p\u0159ah!","item":"https:\/\/www.lelkoun.cz\/3-nejkrasnejsi-prusmyky-svycarska-pripraveny-na-letni-zaprah\/#breadcrumbitem"}]}]