[{"@context":"https:\/\/schema.org\/","@type":"Article","@id":"https:\/\/www.lelkoun.cz\/oblekame-miminka\/#Article","mainEntityOfPage":"https:\/\/www.lelkoun.cz\/oblekame-miminka\/","headline":"Obl\u00e9k\u00e1me miminka","name":"Obl\u00e9k\u00e1me miminka","description":"Ka\u017ed\u00e1 maminka ne\u017e p\u0159ivede d\u00edt\u011b na sv\u011bt, se t\u011b\u0161\u00ed a\u017e p\u0159ijde ten den, kdy ho poprv\u00e9 spat\u0159\u00ed. Nem\u016f\u017ee se ho [&hellip;]","datePublished":"2021-09-20","dateModified":"2023-04-30","author":{"@type":"Person","@id":"https:\/\/www.lelkoun.cz\/author\/#Person","name":"","url":"https:\/\/www.lelkoun.cz\/author\/","identifier":1,"image":{"@type":"ImageObject","@id":"https:\/\/secure.gravatar.com\/avatar\/6f4c870cee2491a38c4099d0d4506a73241091e099e5d57196b9728ac147d91e?s=96&d=mm&r=g","url":"https:\/\/secure.gravatar.com\/avatar\/6f4c870cee2491a38c4099d0d4506a73241091e099e5d57196b9728ac147d91e?s=96&d=mm&r=g","height":96,"width":96}},"publisher":{"@type":"Organization","name":"lelkoun.cz","logo":{"@type":"ImageObject","@id":"\/logo.png","url":"\/logo.png","width":600,"height":60}},"image":{"@type":"ImageObject","@id":"https:\/\/www.lelkoun.cz\/wp-content\/uploads\/b%C3%ADl%C3%A9%20%C5%A1ati%C4%8Dky.jpg","url":"https:\/\/www.lelkoun.cz\/wp-content\/uploads\/b%C3%ADl%C3%A9%20%C5%A1ati%C4%8Dky.jpg","height":0,"width":0},"url":"https:\/\/www.lelkoun.cz\/oblekame-miminka\/","about":["Podnik\u00e1n\u00ed"],"wordCount":629,"articleBody":"        Ka\u017ed\u00e1 maminka ne\u017e p\u0159ivede d\u00edt\u011b na sv\u011bt, se t\u011b\u0161\u00ed a\u017e p\u0159ijde ten den, kdy ho poprv\u00e9 spat\u0159\u00ed. Nem\u016f\u017ee se ho do\u010dkat a s radost\u00ed p\u0159ipravuje v\u0161e, co miminko bude pot\u0159ebovat. Nejen, \u017ee v\u0161echny maminky za\u0159izuj\u00ed pokoj\u00ed\u010dky, ale nejrad\u011bji nakupuj\u00ed oble\u010den\u00ed pro miminka. D\u011bl\u00e1 je \u0161\u0165astn\u00fdmi ka\u017ed\u00e1 mali\u010dkost, kter\u00e1 je spojen\u00e1 s jejich potomkem. Je logick\u00e9, \u017ee v\u0161e se mus\u00ed poctiv\u011b p\u0159ipravit a nakoupit p\u0159edem, aby nebyla \u017e\u00e1dn\u00e1 maminka zasko\u010den\u00e1. Nejd\u016fle\u017eit\u011bj\u0161\u00ed co je na prvn\u00edm m\u00edst\u011b u miminek je, aby m\u011bla oble\u010den\u00ed s kvalitn\u00edho materi\u00e1lu. Pak mus\u00edme myslet i na to, \u017ee nen\u00ed \u00fapln\u011b jasn\u00e9, jak velk\u00e9 miminko se n\u00e1m narod\u00ed. Pro jistotu je lep\u0161\u00ed m\u00edt p\u0159ipraven\u00e9 oble\u010den\u00ed v\u00edce velikost\u00ed, samoz\u0159ejm\u011b od t\u00e9 nejmen\u0161\u00ed. T\u011b\u017eko z porodnice pob\u011b\u017e\u00edme dokoupit oble\u010den\u00ed pro novorozence.Je jedno. zda \u010dek\u00e1me hol\u010di\u010dku nebo chlape\u010dka. Sortiment oble\u010den\u00ed pro miminka je opravdu \u0161irok\u00fd. Z\u00e1le\u017e\u00ed na n\u00e1s, jak\u00e9 oble\u010den\u00ed uzn\u00e1me za vhodn\u00e9, kter\u00e9 p\u0159iprav\u00edme. Dr\u017e\u00edme se tak\u00e9 toho, jak\u00e9 je ro\u010dn\u00ed obdob\u00ed. Nen\u00ed ale d\u016fle\u017eit\u00e9, jestli je jaro, l\u00e9to, podzim nebo zima, proto\u017ee m\u00e1me opravdu z \u010deho vyb\u00edrat, a tohle n\u00e1s opravdu nem\u016f\u017ee zasko\u010dit.KVALITN\u00cd MATERI\u00c1LMiminko si zaslou\u017e\u00ed tu nejlep\u0161\u00ed p\u00e9\u010di, a proto mus\u00edme db\u00e1t na kvalitu materi\u00e1l\u016f u kojeneck\u00e9ho oble\u010den\u00ed. Nejvhodn\u011bj\u0161\u00edm materi\u00e1lem je stoprocentn\u00ed bavlna. M\u00e1me i na v\u00fdb\u011br z bambusov\u00e9ho oble\u010den\u00ed pro miminka. Oble\u010den\u00ed z bambusov\u00e9ho vl\u00e1kna m\u00e1 tu v\u00fdhodu, \u017ee pokud je zima miminko zah\u0159eje, pokud je l\u00e9to, miminko ochlad\u00ed a nedojde k p\u0159eh\u0159\u00e1t\u00ed novorozence. Je prody\u0161n\u00e9 a vhodn\u00e9 pro alergiky.PRO TY NA\u0160E MIMINKAM\u016f\u017eeme vyb\u00edrat jednotliv\u00e9 oble\u010den\u00ed, ale na trhu je ji\u017e zn\u00e1m\u00e1 KOJENECK\u00c1 SOUPRAVA, kter\u00e1 se skl\u00e1d\u00e1 s v\u00edce druh\u016f oble\u010dk\u016f. Ka\u017ed\u00fd set obsahuje oble\u010den\u00ed se stejn\u00fdm motivem, stejn\u00e9 barvy, v r\u016fzn\u00fdch velikostech.Pro koho je vhodn\u00fd kojeneck\u00fd set?\u00b0 Pro hol\u010di\u010dku i chlape\u010dkaCo obsahuje kojeneck\u00fd set?\u00b0 Dvoud\u00edln\u00e1 souprava: prop\u00ednac\u00ed body, polodupa\u010dky\u00b0 T\u0159\u00edd\u00edln\u00e1 souprava: dupa\u010dky, kab\u00e1tek, \u010depi\u010dka\u00b0 \u010cty\u0159d\u00edln\u00e1 souprava: dupa\u010dky, kab\u00e1tek, \u010depi\u010dka, rukavi\u010dky\u00b0 P\u011btid\u00edln\u00e1 souprava: zavinovac\u00ed body, svet\u0159\u00edk, polodupa\u010dky, \u010depi\u010dka, rukavi\u010dky\u00b0 \u0160estid\u00edln\u00e1 souprava: body s kr\u00e1tk\u00fdm ruk\u00e1vem, overal, polodupa\u010dky, brynd\u00e1k, \u010depi\u010dka, rukavi\u010dky\u00b0 Sedmid\u00edln\u00e1 souprava: overal, body, polodupa\u010dky, brynd\u00e1k, \u010depi\u010dka, rukavi\u010dky, myc\u00ed \u017e\u00ednka\u00b0 Osmid\u00edln\u00e1 souprava: dupa\u010dky, overal, body, brynd\u00e1k, kab\u00e1tek, ko\u0161ilka, brynd\u00e1k, \u010depi\u010dka, rukavi\u010dkyV\u00fdhodou kojeneck\u00e9ho setu je zv\u00fdhodn\u011bn\u00e1 cena. Kojeneck\u00e1 soupravi\u010dka je vhodn\u00e1 jak do porodnice, tak i jako d\u00e1rek pro miminko n\u011bkoho zn\u00e1m\u00e9ho.Oble\u010den\u00ed pro miminkaBody s kr\u00e1tk\u00fdm nebo dlouh\u00fdm ruk\u00e1vem, dupa\u010dky, polodupa\u010dky, ko\u0161ilky, svet\u0159\u00edky, kab\u00e1tky, overaly, \u0161ati\u010dky, mikiny, tepl\u00e1ky, kalhoty, bundi\u010dky, vesty, kombin\u00e9zy, pun\u010doch\u00e1\u010de, n\u00e1kolen\u00edky, pono\u017eky, \u010depi\u010dky, \u0161\u00e1ly, n\u00e1kr\u010dn\u00edky, rukavi\u010dky, \u010delenky, brynd\u00e1ky, \u017eupany.Jak pro hol\u010di\u010dku tak i pro chlape\u010dka m\u00e1te na v\u00fdb\u011br velk\u00e9ho a kvalitn\u00edho sortimentu. D\u016fle\u017eit\u00e9 je myslet na to, aby se miminko c\u00edtilo pohodln\u011b, aby ho nikde nic ne\u0161kr\u00e1balo a ne\u0161krtilo. Zvolte z vhodn\u00e9ho a kvalitn\u00edho materi\u00e1lu.                                                                                                                                                                                                                                                                                                                                                                                          3.9\/5 - (14 votes)        "},{"@context":"https:\/\/schema.org\/","@type":"BreadcrumbList","itemListElement":[{"@type":"ListItem","position":1,"name":"Obl\u00e9k\u00e1me miminka","item":"https:\/\/www.lelkoun.cz\/oblekame-miminka\/#breadcrumbitem"}]}]