[{"@context":"https:\/\/schema.org\/","@type":"Article","@id":"https:\/\/www.lelkoun.cz\/patrove-postele-vam-usetri-spoustu-mista\/#Article","mainEntityOfPage":"https:\/\/www.lelkoun.cz\/patrove-postele-vam-usetri-spoustu-mista\/","headline":"Patrov\u00e9 postele V\u00e1m u\u0161et\u0159\u00ed spoustu m\u00edsta","name":"Patrov\u00e9 postele V\u00e1m u\u0161et\u0159\u00ed spoustu m\u00edsta","description":"Pokud taky ob\u00fdv\u00e1te s\u00a0velkou rodinou mal\u00fd byt, tak nejsp\u00ed\u0161 \u0159e\u0161\u00edte neust\u00e1l\u00fd nedostatek voln\u00e9ho m\u00edsta. Nyn\u00ed se chyst\u00e1te p\u0159ed\u011blat d\u011btsk\u00fd pokoj\u00ed\u010dek [&hellip;]","datePublished":"2023-10-12","dateModified":"2023-10-12","author":{"@type":"Person","@id":"https:\/\/www.lelkoun.cz\/author\/#Person","name":"","url":"https:\/\/www.lelkoun.cz\/author\/","identifier":1,"image":{"@type":"ImageObject","@id":"https:\/\/secure.gravatar.com\/avatar\/6f4c870cee2491a38c4099d0d4506a73241091e099e5d57196b9728ac147d91e?s=96&d=mm&r=g","url":"https:\/\/secure.gravatar.com\/avatar\/6f4c870cee2491a38c4099d0d4506a73241091e099e5d57196b9728ac147d91e?s=96&d=mm&r=g","height":96,"width":96}},"publisher":{"@type":"Organization","name":"lelkoun.cz","logo":{"@type":"ImageObject","@id":"\/logo.png","url":"\/logo.png","width":600,"height":60}},"url":"https:\/\/www.lelkoun.cz\/patrove-postele-vam-usetri-spoustu-mista\/","wordCount":239,"articleBody":"Pokud taky ob\u00fdv\u00e1te s\u00a0velkou rodinou mal\u00fd byt, tak nejsp\u00ed\u0161 \u0159e\u0161\u00edte neust\u00e1l\u00fd nedostatek voln\u00e9ho m\u00edsta. Nyn\u00ed se chyst\u00e1te p\u0159ed\u011blat d\u011btsk\u00fd pokoj\u00ed\u010dek a uva\u017eujete o l\u016f\u017ek\u00e1ch p\u011bkn\u011b nad sebou. To je ur\u010dit\u011b skv\u011bl\u00fd n\u00e1pad. U\u0161et\u0159\u00edte spoustu m\u00edsta a Va\u0161e ratolesti budou m\u00edt v\u00a0pokoj\u00ed\u010dku i dostatek prostoru na hran\u00ed na koberci. Nav\u00edc span\u00ed ve vzduchu je origin\u00e1ln\u00ed a u d\u011bt\u00ed velmi obl\u00edben\u00e9. Uvid\u00edte, \u017ee Va\u0161e d\u011bti budou z\u00a0nov\u00e9ho kusu n\u00e1bytku naprosto nad\u0161en\u00e9.\tSpan\u00ed ve v\u00fd\u0161ce je u d\u011bt\u00ed velmi obl\u00edben\u00e9 a popul\u00e1rn\u00edTaky m\u00e1te kupu d\u011bt\u00ed a mal\u00fd byt? Tak to pro V\u00e1s m\u00e1me jednu dobrou radu. Patrov\u00e9 postele V\u00e1\u0161 neust\u00e1l\u00fd boj s\u00a0voln\u00fdm prostorem mohou velmi elegantn\u00edm zp\u016fsobem vy\u0159e\u0161it. Do pokoj\u00ed\u010dku se V\u00e1m tento kus n\u00e1bytku zaru\u010den\u011b vejde a najednou bude v\u00a0m\u00edstnosti dostatek m\u00edsta na hran\u00ed, psan\u00ed \u00fakol\u016f i dov\u00e1d\u011bn\u00ed ve vzduchu. D\u011bti si nov\u00fd pokoj\u00ed\u010dek zaslou\u017e\u00ed. Spl\u0148te jim jejich velk\u00fd sen a rozpadaj\u00edc\u00ed se v\u00e1lendy kone\u010dn\u011b vyho\u010fte na skl\u00e1dku. Dnes u\u017e jsou na trhu k\u00a0dost\u00e1n\u00ed doopravdy origin\u00e1ln\u00ed modely, kter\u00e9 p\u0159ipom\u00ednaj\u00ed aut\u00ed\u010dka nebo dome\u010dky.                                                                                                                                                                                                                                                                                                                                                                                        4.8\/5 - (6 votes)        "},{"@context":"https:\/\/schema.org\/","@type":"BreadcrumbList","itemListElement":[{"@type":"ListItem","position":1,"name":"Patrov\u00e9 postele V\u00e1m u\u0161et\u0159\u00ed spoustu m\u00edsta","item":"https:\/\/www.lelkoun.cz\/patrove-postele-vam-usetri-spoustu-mista\/#breadcrumbitem"}]}]